{"id":109,"date":"2025-07-23T14:41:53","date_gmt":"2025-07-23T14:41:53","guid":{"rendered":"https:\/\/valledelosalhorines.org\/?p=109"},"modified":"2025-07-23T18:33:09","modified_gmt":"2025-07-23T18:33:09","slug":"delikio-poetico-26-julio","status":"publish","type":"post","link":"https:\/\/valledelosalhorines.org\/index.php\/2025\/07\/23\/delikio-poetico-26-julio\/","title":{"rendered":"Delikio Po\u00e9tico en la Zafra 26 Julio de 2025"},"content":{"rendered":"\n<p>\u00c1ngel Gonz\u00e1lez es un poeta de versos hermosamente cotidianos.<br>Con un lenguaje llano y coloquial, y cierta iron\u00eda, apunta al coraz\u00f3n po\u00e9tico e \u00edntimo de los asuntos personales y sociales, desvelando un sentido \u201cfieramente humano\u201d de la poes\u00eda.<br>El Tr\u00edo Dulce Cano traza un bello homenaje en su centenario, extrayendo de la musicalidad profunda de sus poemas un precioso h\u00edbrido m\u00fasico-po\u00e9tico.<br>Para una tarde hermosa de verano.<br>*El pr\u00f3ximo 26 de julio a las 20:00 h.*<\/p>\n\n\n\n<p>_*Nada grave*_<\/p>\n\n\n\n<p>_Y me vuelvo a caer desde m\u00ed mismo al vac\u00edo ,_<br>_a la nada ._<br>_\u00a1 Qu\u00e9 pirueta!_<\/p>\n\n\n\n<p>_\u00bfDesciendo o vuelo? No lo s\u00e9 ._<br>_Recibo_<br>_el golpe de rigor, y me incorporo._<\/p>\n\n\n\n<p>_Me toco para ver si hubo gran da\u00f1o, mas no me encuentro._<br>_Mi cuerpo \u00bfd\u00f3nde est\u00e1?_<br>_Me duele s\u00f3lo el alma. Nada grave._<\/p>\n\n\n\n<p><strong><em>Joaco Alegre<\/em><\/strong><\/p>\n\n\n\n<p><strong><em>Tel 642 440 855<\/em><\/strong><\/p>\n\n\n\n<figure class=\"wp-block-image size-large\"><a href=\"https:\/\/drive.google.com\/file\/d\/1fT6TOPkGD5avVm5FUpJ4vTxvKNrudQuU\/view?usp=sharing\" target=\"_blank\" rel=\" noreferrer noopener\"><img loading=\"lazy\" decoding=\"async\" width=\"467\" height=\"1024\" src=\"https:\/\/valledelosalhorines.org\/wp-content\/uploads\/2025\/07\/IMG-20250701-WA0008-467x1024.jpg\" alt=\"\" class=\"wp-image-110\" srcset=\"https:\/\/valledelosalhorines.org\/wp-content\/uploads\/2025\/07\/IMG-20250701-WA0008-467x1024.jpg 467w, https:\/\/valledelosalhorines.org\/wp-content\/uploads\/2025\/07\/IMG-20250701-WA0008-137x300.jpg 137w, https:\/\/valledelosalhorines.org\/wp-content\/uploads\/2025\/07\/IMG-20250701-WA0008-701x1536.jpg 701w, https:\/\/valledelosalhorines.org\/wp-content\/uploads\/2025\/07\/IMG-20250701-WA0008.jpg 730w\" sizes=\"auto, (max-width: 467px) 100vw, 467px\" \/><\/a><\/figure>\n","protected":false},"excerpt":{"rendered":"<p>\u00c1ngel Gonz\u00e1lez es un poeta de versos hermosamente cotidianos.Con un lenguaje llano y coloquial, y cierta iron\u00eda, apunta al coraz\u00f3n po\u00e9tico e \u00edntimo de los asuntos personales y sociales, desvelando &hellip; <\/p>\n<p class=\"link-more\"><a href=\"https:\/\/valledelosalhorines.org\/index.php\/2025\/07\/23\/delikio-poetico-26-julio\/\" class=\"more-link\">Continuar leyendo<span class=\"screen-reader-text\"> \u00abDelikio Po\u00e9tico en la Zafra 26 Julio de 2025\u00bb<\/span><\/a><\/p>\n","protected":false},"author":2,"featured_media":0,"comment_status":"open","ping_status":"open","sticky":false,"template":"","format":"standard","meta":{"footnotes":""},"categories":[7,9],"tags":[],"class_list":["post-109","post","type-post","status-publish","format-standard","hentry","category-naturaleza","category-retorica"],"_links":{"self":[{"href":"https:\/\/valledelosalhorines.org\/index.php\/wp-json\/wp\/v2\/posts\/109","targetHints":{"allow":["GET"]}}],"collection":[{"href":"https:\/\/valledelosalhorines.org\/index.php\/wp-json\/wp\/v2\/posts"}],"about":[{"href":"https:\/\/valledelosalhorines.org\/index.php\/wp-json\/wp\/v2\/types\/post"}],"author":[{"embeddable":true,"href":"https:\/\/valledelosalhorines.org\/index.php\/wp-json\/wp\/v2\/users\/2"}],"replies":[{"embeddable":true,"href":"https:\/\/valledelosalhorines.org\/index.php\/wp-json\/wp\/v2\/comments?post=109"}],"version-history":[{"count":4,"href":"https:\/\/valledelosalhorines.org\/index.php\/wp-json\/wp\/v2\/posts\/109\/revisions"}],"predecessor-version":[{"id":130,"href":"https:\/\/valledelosalhorines.org\/index.php\/wp-json\/wp\/v2\/posts\/109\/revisions\/130"}],"wp:attachment":[{"href":"https:\/\/valledelosalhorines.org\/index.php\/wp-json\/wp\/v2\/media?parent=109"}],"wp:term":[{"taxonomy":"category","embeddable":true,"href":"https:\/\/valledelosalhorines.org\/index.php\/wp-json\/wp\/v2\/categories?post=109"},{"taxonomy":"post_tag","embeddable":true,"href":"https:\/\/valledelosalhorines.org\/index.php\/wp-json\/wp\/v2\/tags?post=109"}],"curies":[{"name":"wp","href":"https:\/\/api.w.org\/{rel}","templated":true}]}}